{"id":500,"date":"2024-07-23T20:27:11","date_gmt":"2024-07-23T18:27:11","guid":{"rendered":"https:\/\/pierregodfrin.be\/?post_type=actu&#038;p=500"},"modified":"2024-08-22T12:48:28","modified_gmt":"2024-08-22T10:48:28","slug":"factory-store","status":"publish","type":"actu","link":"https:\/\/bureauame.be\/?actu=factory-store","title":{"rendered":"FACTORY STORE"},"content":{"rendered":"\n<p>Factory Store est une marque novatrice dans l\u2019artisanat de la chaussure f\u00e9minine. Elle propose \u00e9galement une gamme compl\u00e8te d\u2019accessoires inspirants et dans l\u2019air du temps. La marque choisit d\u2019implanter plusieurs magasins physiques en Belgique pour l&#8217;emporter sur le num\u00e9rique et offrir \u00e0 ses clients une proximit\u00e9 et exp\u00e9rience d\u2019achat sur mesure. Elle invite \u00e0 sentir, toucher, essayer et partager ses p\u00e9pites au gr\u00e9 du vent. <\/p>\n\n\n\n<p>Situ\u00e9e \u00e0 Huy, la maison-m\u00e8re de Factory Store s\u2019est voulue minimaliste, raffin\u00e9e et monochrome en choisissant une gamme de couleurs similaire pour tous ses \u00e9l\u00e9ments afin d\u2019obtenir une atmosph\u00e8re douce et de s\u00e9r\u00e9nit\u00e9.<\/p>\n\n\n\n<p>La zone de vente est situ\u00e9e au fond de l\u2019espace et est accentu\u00e9e par la pose murale de carreaux en terre cuite, nuanc\u00e9s et mats, fabriqu\u00e9s \u00e0 la main. Dans cette boutique, nous avons souhait\u00e9 voyager \u00e0 travers diff\u00e9rentes mati\u00e8res aux tons neutres en travaillant carrelage, enduit \u00e0 effets, voilages en lin, luminaires subtils, lettrages en laiton et peinture \u00e0 effets poudr\u00e9s.\u00a0La boutique a \u00e9t\u00e9 pens\u00e9e pour que la pr\u00e9sentation des produits soit modulable, que l\u2019on puisse r\u00e9organiser les articles \u00e0 volont\u00e9 en fonction des quantit\u00e9s, saisons et collections. Les chaussures sont positionn\u00e9es librement, spontan\u00e9ment et sont toujours mises en valeur gr\u00e2ce aux tablettes et ilots \u00e0 accumulation variable.\u00a0Le mobilier a \u00e9t\u00e9 con\u00e7u sur mesure, il \u00e9pouse les murs pour rentabiliser l\u2019espace de la surface commerciale et d\u00e9gage le lieu en privil\u00e9giant une circulation fluide et fonctionnelle. Un \u00e9clairage int\u00e9gr\u00e9 aux tablettes murales souligne les couleurs et mati\u00e8res des p\u00e9pites expos\u00e9es dans la boutique. Il ajoute confort visuel ainsi que lumi\u00e8re d&rsquo;ambiance.<\/p>\n","protected":false},"featured_media":750,"template":"","class_list":["post-500","actu","type-actu","status-publish","has-post-thumbnail","hentry"],"acf":[],"yoast_head":"<!-- This site is optimized with the Yoast SEO plugin v25.6 - https:\/\/yoast.com\/wordpress\/plugins\/seo\/ -->\n<title>FACTORY STORE - Bureau \u00c2me<\/title>\n<meta name=\"robots\" content=\"index, follow, max-snippet:-1, max-image-preview:large, max-video-preview:-1\" \/>\n<link rel=\"canonical\" href=\"https:\/\/bureauame.be\/?actu=factory-store\" \/>\n<meta property=\"og:locale\" content=\"fr_FR\" \/>\n<meta property=\"og:type\" content=\"article\" \/>\n<meta property=\"og:title\" content=\"FACTORY STORE - Bureau \u00c2me\" \/>\n<meta property=\"og:description\" content=\"Factory Store est une marque novatrice dans l\u2019artisanat de la chaussure f\u00e9minine. Elle propose \u00e9galement une gamme compl\u00e8te d\u2019accessoires inspirants et dans l\u2019air du temps. La marque choisit d\u2019implanter plusieurs magasins physiques en Belgique pour l&#8217;emporter sur le num\u00e9rique et offrir \u00e0 ses clients une proximit\u00e9 et exp\u00e9rience d\u2019achat sur mesure. Elle invite \u00e0 sentir, [&hellip;]\" \/>\n<meta property=\"og:url\" content=\"https:\/\/bureauame.be\/?actu=factory-store\" \/>\n<meta property=\"og:site_name\" content=\"Bureau \u00c2me\" \/>\n<meta property=\"article:modified_time\" content=\"2024-08-22T10:48:28+00:00\" \/>\n<meta property=\"og:image\" content=\"https:\/\/bureauame.be\/wp-content\/uploads\/2024\/07\/Charline_Larue_Ame_FS_09_22-58-2-scaled.jpg\" \/>\n\t<meta property=\"og:image:width\" content=\"2560\" \/>\n\t<meta property=\"og:image:height\" content=\"1920\" \/>\n\t<meta property=\"og:image:type\" content=\"image\/jpeg\" \/>\n<meta name=\"twitter:card\" content=\"summary_large_image\" \/>\n<meta name=\"twitter:label1\" content=\"Dur\u00e9e de lecture est.\" \/>\n\t<meta name=\"twitter:data1\" content=\"1 minute\" \/>\n<script type=\"application\/ld+json\" class=\"yoast-schema-graph\">{\"@context\":\"https:\/\/schema.org\",\"@graph\":[{\"@type\":\"WebPage\",\"@id\":\"https:\/\/bureauame.be\/?actu=factory-store\",\"url\":\"https:\/\/bureauame.be\/?actu=factory-store\",\"name\":\"FACTORY STORE - Bureau \u00c2me\",\"isPartOf\":{\"@id\":\"https:\/\/bureauame.be\/#website\"},\"primaryImageOfPage\":{\"@id\":\"https:\/\/bureauame.be\/?actu=factory-store#primaryimage\"},\"image\":{\"@id\":\"https:\/\/bureauame.be\/?actu=factory-store#primaryimage\"},\"thumbnailUrl\":\"https:\/\/bureauame.be\/wp-content\/uploads\/2024\/07\/Charline_Larue_Ame_FS_09_22-58-2-scaled.jpg\",\"datePublished\":\"2024-07-23T18:27:11+00:00\",\"dateModified\":\"2024-08-22T10:48:28+00:00\",\"breadcrumb\":{\"@id\":\"https:\/\/bureauame.be\/?actu=factory-store#breadcrumb\"},\"inLanguage\":\"fr-BE\",\"potentialAction\":[{\"@type\":\"ReadAction\",\"target\":[\"https:\/\/bureauame.be\/?actu=factory-store\"]}]},{\"@type\":\"ImageObject\",\"inLanguage\":\"fr-BE\",\"@id\":\"https:\/\/bureauame.be\/?actu=factory-store#primaryimage\",\"url\":\"https:\/\/bureauame.be\/wp-content\/uploads\/2024\/07\/Charline_Larue_Ame_FS_09_22-58-2-scaled.jpg\",\"contentUrl\":\"https:\/\/bureauame.be\/wp-content\/uploads\/2024\/07\/Charline_Larue_Ame_FS_09_22-58-2-scaled.jpg\",\"width\":2560,\"height\":1920},{\"@type\":\"BreadcrumbList\",\"@id\":\"https:\/\/bureauame.be\/?actu=factory-store#breadcrumb\",\"itemListElement\":[{\"@type\":\"ListItem\",\"position\":1,\"name\":\"Accueil\",\"item\":\"https:\/\/bureauame.be\/\"},{\"@type\":\"ListItem\",\"position\":2,\"name\":\"Projets\",\"item\":\"https:\/\/bureauame.be\/?post_type=actu\"},{\"@type\":\"ListItem\",\"position\":3,\"name\":\"FACTORY STORE\"}]},{\"@type\":\"WebSite\",\"@id\":\"https:\/\/bureauame.be\/#website\",\"url\":\"https:\/\/bureauame.be\/\",\"name\":\"Bureau \u00c2me\",\"description\":\"\",\"potentialAction\":[{\"@type\":\"SearchAction\",\"target\":{\"@type\":\"EntryPoint\",\"urlTemplate\":\"https:\/\/bureauame.be\/?s={search_term_string}\"},\"query-input\":{\"@type\":\"PropertyValueSpecification\",\"valueRequired\":true,\"valueName\":\"search_term_string\"}}],\"inLanguage\":\"fr-BE\"}]}<\/script>\n<!-- \/ Yoast SEO plugin. -->","yoast_head_json":{"title":"FACTORY STORE - Bureau \u00c2me","robots":{"index":"index","follow":"follow","max-snippet":"max-snippet:-1","max-image-preview":"max-image-preview:large","max-video-preview":"max-video-preview:-1"},"canonical":"https:\/\/bureauame.be\/?actu=factory-store","og_locale":"fr_FR","og_type":"article","og_title":"FACTORY STORE - Bureau \u00c2me","og_description":"Factory Store est une marque novatrice dans l\u2019artisanat de la chaussure f\u00e9minine. Elle propose \u00e9galement une gamme compl\u00e8te d\u2019accessoires inspirants et dans l\u2019air du temps. La marque choisit d\u2019implanter plusieurs magasins physiques en Belgique pour l&#8217;emporter sur le num\u00e9rique et offrir \u00e0 ses clients une proximit\u00e9 et exp\u00e9rience d\u2019achat sur mesure. Elle invite \u00e0 sentir, [&hellip;]","og_url":"https:\/\/bureauame.be\/?actu=factory-store","og_site_name":"Bureau \u00c2me","article_modified_time":"2024-08-22T10:48:28+00:00","og_image":[{"width":2560,"height":1920,"url":"https:\/\/bureauame.be\/wp-content\/uploads\/2024\/07\/Charline_Larue_Ame_FS_09_22-58-2-scaled.jpg","type":"image\/jpeg"}],"twitter_card":"summary_large_image","twitter_misc":{"Dur\u00e9e de lecture est.":"1 minute"},"schema":{"@context":"https:\/\/schema.org","@graph":[{"@type":"WebPage","@id":"https:\/\/bureauame.be\/?actu=factory-store","url":"https:\/\/bureauame.be\/?actu=factory-store","name":"FACTORY STORE - Bureau \u00c2me","isPartOf":{"@id":"https:\/\/bureauame.be\/#website"},"primaryImageOfPage":{"@id":"https:\/\/bureauame.be\/?actu=factory-store#primaryimage"},"image":{"@id":"https:\/\/bureauame.be\/?actu=factory-store#primaryimage"},"thumbnailUrl":"https:\/\/bureauame.be\/wp-content\/uploads\/2024\/07\/Charline_Larue_Ame_FS_09_22-58-2-scaled.jpg","datePublished":"2024-07-23T18:27:11+00:00","dateModified":"2024-08-22T10:48:28+00:00","breadcrumb":{"@id":"https:\/\/bureauame.be\/?actu=factory-store#breadcrumb"},"inLanguage":"fr-BE","potentialAction":[{"@type":"ReadAction","target":["https:\/\/bureauame.be\/?actu=factory-store"]}]},{"@type":"ImageObject","inLanguage":"fr-BE","@id":"https:\/\/bureauame.be\/?actu=factory-store#primaryimage","url":"https:\/\/bureauame.be\/wp-content\/uploads\/2024\/07\/Charline_Larue_Ame_FS_09_22-58-2-scaled.jpg","contentUrl":"https:\/\/bureauame.be\/wp-content\/uploads\/2024\/07\/Charline_Larue_Ame_FS_09_22-58-2-scaled.jpg","width":2560,"height":1920},{"@type":"BreadcrumbList","@id":"https:\/\/bureauame.be\/?actu=factory-store#breadcrumb","itemListElement":[{"@type":"ListItem","position":1,"name":"Accueil","item":"https:\/\/bureauame.be\/"},{"@type":"ListItem","position":2,"name":"Projets","item":"https:\/\/bureauame.be\/?post_type=actu"},{"@type":"ListItem","position":3,"name":"FACTORY STORE"}]},{"@type":"WebSite","@id":"https:\/\/bureauame.be\/#website","url":"https:\/\/bureauame.be\/","name":"Bureau \u00c2me","description":"","potentialAction":[{"@type":"SearchAction","target":{"@type":"EntryPoint","urlTemplate":"https:\/\/bureauame.be\/?s={search_term_string}"},"query-input":{"@type":"PropertyValueSpecification","valueRequired":true,"valueName":"search_term_string"}}],"inLanguage":"fr-BE"}]}},"_links":{"self":[{"href":"https:\/\/bureauame.be\/index.php?rest_route=\/wp\/v2\/actu\/500"}],"collection":[{"href":"https:\/\/bureauame.be\/index.php?rest_route=\/wp\/v2\/actu"}],"about":[{"href":"https:\/\/bureauame.be\/index.php?rest_route=\/wp\/v2\/types\/actu"}],"wp:featuredmedia":[{"embeddable":true,"href":"https:\/\/bureauame.be\/index.php?rest_route=\/wp\/v2\/media\/750"}],"wp:attachment":[{"href":"https:\/\/bureauame.be\/index.php?rest_route=%2Fwp%2Fv2%2Fmedia&parent=500"}],"curies":[{"name":"wp","href":"https:\/\/api.w.org\/{rel}","templated":true}]}}